{"id":83,"date":"2020-11-06T16:13:52","date_gmt":"2020-11-06T16:13:52","guid":{"rendered":"https:\/\/blog.surfboard-factory.com\/?p=83"},"modified":"2021-05-05T12:14:01","modified_gmt":"2021-05-05T12:14:01","slug":"interdiction-de-la-pratique-des-activites-nautiques-ce-que-lon-sait-pour-ce-2eme-confinement","status":"publish","type":"post","link":"https:\/\/blog.surfboard-factory.com\/en\/interdiction-de-la-pratique-des-activites-nautiques-ce-que-lon-sait-pour-ce-2eme-confinement","title":{"rendered":"Interdiction de la pratique des activit\u00e9s nautiques : ce que l&rsquo;on sait pour ce 2\u00e8me confinement"},"content":{"rendered":"<p>Analyse de l&rsquo;interdiction des activit\u00e9s nautiques pendant le confinement : avis de la F\u00e9d\u00e9ration, d&rsquo;un m\u00e9decin et une incompr\u00e9hension g\u00e9n\u00e9rale. <\/p>\n\n\n\n<figure class=\"wp-block-image\"><img decoding=\"async\" src=\"https:\/\/blog.surfboard-factory.com\/wp-content\/uploads\/2020\/11\/Capture-d\u2019\u00e9cran-2020-11-06-\u00e0-17.09.47.png\" alt=\"\" class=\"wp-image-89\"\/><figcaption>@marin_lr \/ Bretagne<br><br><br><\/figcaption><\/figure>\n\n\n\n<p>Apr\u00e8s le discours du pr\u00e9sident fran\u00e7ais et l\u2019allocution du premier ministre <em>Jean Castex<\/em> jeudi dernier, les chanceux d\u2019habiter \u00e0 moins d\u2019un kilom\u00e8tre de l\u2019oc\u00e9an pensaient pouvoir profiter du pic \u00e0 eux seuls.<\/p>\n\n\n\n<p>Le d\u00e9cret n\u00b02020-1310 du 29 octobre 2020 et son article 46 sont venus briser tout espoir : <strong>plages, plans d\u2019eaux et lacs sont ouverts,<\/strong> mais les <strong>activit\u00e9s nautiques et de plaisance y sont interdites<\/strong>.&nbsp;<\/p>\n\n\n\n<p><em>Emmanuel Macron<\/em> avait dans son discours \u00e9voqu\u00e9 une certaine souplesse pour la fin de la semaine. Avec l\u2019arriv\u00e9e d\u2019une houle fr\u00f4lant la perfection, nombreux ont \u00e9t\u00e9 ceux qui ont enfil\u00e9 la combinaison le weekend dernier.&nbsp;Profiter d\u2019une derni\u00e8re session ou acte de r\u00e9sistance contre ces mesures ? Le flou s\u2019installe sur plusieurs sujets.&nbsp;<\/p>\n\n\n\n<p>Le but de cet article est bien \u00e0 titre informatif et non une prise de position sur certains d\u00e9bats actuels.&nbsp;<\/p>\n\n\n\n<h3 class=\"wp-block-heading\">Les textes juridiques<\/h3>\n\n\n\n<p>L\u2019article 46 du d\u00e9cret affirme clairement l\u2019interdiction de pratiquer toute activit\u00e9 nautique et de plaisance sur les plages, plans d\u2019eaux et lacs.&nbsp;<\/p>\n\n\n\n<p>La <strong>Pr\u00e9fecture maritime de l\u2019Atlantique<\/strong> a r\u00e9dig\u00e9 un <strong>arr\u00eat\u00e9<\/strong> ce lundi 2 novembre pr\u00e9cisant les mesures du d\u00e9cret en y apportant des <strong>d\u00e9rogations<\/strong> :<\/p>\n\n\n\n<figure class=\"wp-block-image is-resized\"><img loading=\"lazy\" decoding=\"async\" src=\"https:\/\/blog.surfboard-factory.com\/wp-content\/uploads\/2020\/11\/Capture-d\u2019\u00e9cran-2020-11-06-\u00e0-14.49.20.png\" alt=\"\" class=\"wp-image-84\" width=\"593\" height=\"135\"\/><figcaption>Extrait de l&rsquo;arr\u00eat\u00e9 n\u00b02020-109 du 2 novembre<\/figcaption><\/figure>\n\n\n\n<h3 class=\"wp-block-heading\">La F\u00e9d\u00e9ration Fran\u00e7aise de Surf <\/h3>\n\n\n\n<p>Patience et solidarit\u00e9 sont les mots d\u2019ordre.<\/p>\n\n\n\n<p>La <strong>F\u00e9d\u00e9ration fran\u00e7aise de surf<\/strong> invite au civisme de chacun en respectant les mesures de confinement et l\u2019interdiction des pratiques. La f\u00e9d\u00e9ration travaille avec les autorit\u00e9s sur l\u2019\u00e9laboration d\u2019une <strong>\u00e9ventuelle \u00ab&nbsp;clause de revoyure&nbsp;\u00bb<\/strong> apr\u00e8s les 15 premiers jours de confinement si la situation sanitaire \u00e9volue positivement. On pense au syst\u00e8me de&nbsp;plage dynamique mis en place par les mairies lors du d\u00e9confinement autorisant une pratique encadr\u00e9e.&nbsp;<\/p>\n\n\n\n<p>La f\u00e9d\u00e9ration s\u2019occupe d\u00e8s \u00e0 pr\u00e9sent de \u00ab&nbsp;l&rsquo;autorisation de la pratique du surf et des disciplines associ\u00e9es pour tous d\u00e8s la sortie de ce second confinement&nbsp;\u00bb.&nbsp;<\/p>\n\n\n\n<p>Dans un dernier communiqu\u00e9 \u00ab lettre aux licenci\u00e9s \u00bb datant du 5 novembre, la FFS rassure ses pratiquants sur leur volont\u00e9 de voir les sports nautiques autoris\u00e9s. Elle s\u2019exprime \u00e9galement sur les mesures d\u00e9rogatoires autorisant certaines personnes \u00e0 surfer. Ces <strong>d\u00e9rogations ne doivent \u00eatre per\u00e7ues comme discriminatoires<\/strong>. Un sportif de haut niveau, qui vit des revenus de son activit\u00e9 sportive, doit pouvoir continuer \u00e0 s\u2019entrainer. Tout comme un \u00e9ducateur (sp\u00e9cialis\u00e9 surf) ou stagiaire \u00ab doit poursuivre la continuit\u00e9 p\u00e9dagogique pour les examens \u00e0 venir qui lui permettront de vivre de son sport \u00bb. <\/p>\n\n\n\n<p>\u00ab Plut\u00f4t que nous diviser, r\u00e9jouissons-nous pour eux \u00bb. La F\u00e9d\u00e9ration comme conciliateur entre ses pratiquants. <\/p>\n\n\n\n<p>Retrouvez le communiqu\u00e9 du 5 novembre en cliquant <a lambdaeverupdated=\"2631\" href=\"https:\/\/www.surfingfrance.com\/federation\/actualites\/lettre-aux-licencies.html\">juste ici<\/a><\/p>\n\n\n\n<h3 class=\"wp-block-heading\">La d\u00e9rogation m\u00e9dicale<\/h3>\n\n\n\n<p>C\u2019est dans une interview avec le magazine Surfsession que le conseiller \u00e0 la ville de Biarritz et m\u00e9decin g\u00e9n\u00e9raliste <strong><em>Guillaume Barucq <\/em><\/strong>a d\u00e9voil\u00e9 son interpr\u00e9tation des textes juridiques.<\/p>\n\n\n\n<p><strong>L\u2019arr\u00eat\u00e9<\/strong> <strong>autorise la pratique d\u2019activit\u00e9 nautique sur d\u00e9rogation m\u00e9dicale<\/strong>. Cette d\u00e9rogation n\u2019est pas une excuse m\u00e9dicale bidon donn\u00e9 par tout surfeur pour se mettre \u00e0 l\u2019eau.&nbsp;<\/p>\n\n\n\n<p>Les surfeurs avec une pathologie chronique, une ALD (maladie de longue dur\u00e9e) et une prescription m\u00e9dicale peuvent aller surfer. Les textes sont clairs selon le m\u00e9decin.&nbsp;<\/p>\n\n\n\n<p>Moins clair mais plausible concernant le <strong>sport sur ordonnance.<\/strong> Soit une ordonnance d\u00e9livr\u00e9e par un m\u00e9decin traitant afin d\u2019autoriser une pratique nautique pour la sant\u00e9 et le bien \u00eatre de son patient. \u00c0 condition \u00e9videment d\u2019avoir un motif valable. <\/p>\n\n\n\n<p>Le m\u00e9decin confirme que l\u2019oc\u00e9an, les lacs et plans d\u2019eaux ne sont <strong>pas des espaces contagieux<\/strong> \u00e0 risque et qu\u2019aucun cluster Covid n\u2019a \u00e9t\u00e9 d\u00e9clar\u00e9 \u00e0 ce jour dans ces lieux. Ne pas oublier selon lui, que nous sommes au mois de novembre et que la saison estivale \u00e0 forte affluence est termin\u00e9e.&nbsp;<\/p>\n\n\n\n<figure class=\"wp-block-image\"><img decoding=\"async\" src=\"https:\/\/blog.surfboard-factory.com\/wp-content\/uploads\/2020\/11\/Capture-d\u2019\u00e9cran-2020-11-06-\u00e0-10.23.38.png\" alt=\"\" class=\"wp-image-85\"\/><figcaption>Lien vers le podcast et l&rsquo;interview Surfsession de Guillaume Barucq en cliquant<a lambdaeverupdated=\"3162\" href=\"https:\/\/www.surfsession.com\/podcasts\/emissions\/confinement-prescription-medicale-surfer-pourquoi-comment-ca-marche-1103202913.html\"> juste ici<\/a><br><\/figcaption><\/figure>\n\n\n\n<h3 class=\"wp-block-heading\">Prise de position g\u00e9n\u00e9rale<\/h3>\n\n\n\n<p> Il est clair que cette seconde interdiction n\u2019a pas le m\u00eame go\u00fbt qu\u2019en mars dernier. Pourquoi ce soul\u00e8vement et cette incompr\u00e9hension g\u00e9n\u00e9rale ?<\/p>\n\n\n\n<figure class=\"wp-block-image\"><img decoding=\"async\" src=\"https:\/\/blog.surfboard-factory.com\/wp-content\/uploads\/2020\/11\/Capture-d\u2019\u00e9cran-2020-11-06-\u00e0-10.29.50.png\" alt=\"\" class=\"wp-image-86\"\/><\/figure>\n\n\n\n<p>Le chanteur et surfeur <em>Tom Frager<\/em> a fait part de son m\u00e9contentement dans un post Instagram en pointant du doigt la diff\u00e9rence accrue entre le premier confinement, o\u00f9 il n\u2019\u00e9tait possible de sortir librement de chez soi, et l\u2019explosion d\u2019une masse touristique pendant la saison estivale. <\/p>\n\n\n\n<p>Tout d\u2019abord un soutien au personnel soignant en premi\u00e8re ligne, mais une incompr\u00e9hension pour lui dans l\u2019autorisation de certaines pratiques sportives et l\u2019interdiction d\u2019autres.&nbsp;<\/p>\n\n\n\n<p>\u00c0 en croire les r\u00e9seaux sociaux, certains professionnels et moniteurs ont pu profiter l\u00e9galement des beaux cr\u00e9neaux qu\u2019offre la houle. N\u00e9anmoins r\u00e9side un flou et des incertitudes g\u00e9n\u00e9rales dans l\u2019attente d\u2019une interpr\u00e9tation des textes par les pouvoirs publics.&nbsp;<\/p>\n\n\n\n<figure class=\"wp-block-image\"><img decoding=\"async\" src=\"https:\/\/blog.surfboard-factory.com\/wp-content\/uploads\/2020\/11\/Capture-d\u2019\u00e9cran-2020-11-06-\u00e0-15.17.43.png\" alt=\"\" class=\"wp-image-87\"\/><figcaption>Shots : Story @louceyrolle \/ @clement_roseyro en SUP aux sables d&rsquo;or 5 novembre 2020. <br><br><br><br><br><br><\/figcaption><\/figure>","protected":false},"excerpt":{"rendered":"<p>Analyse de l&rsquo;interdiction des activit\u00e9s nautiques pendant le confinement : avis de la F\u00e9d\u00e9ration, d&rsquo;un m\u00e9decin et une incompr\u00e9hension g\u00e9n\u00e9rale. Apr\u00e8s le discours du pr\u00e9sident fran\u00e7ais et l\u2019allocution du premier ministre Jean Castex jeudi dernier, les chanceux d\u2019habiter \u00e0 moins d\u2019un kilom\u00e8tre de l\u2019oc\u00e9an pensaient pouvoir profiter du pic \u00e0 [&hellip;]<\/p>","protected":false},"author":1,"featured_media":89,"comment_status":"open","ping_status":"open","sticky":false,"template":"","format":"standard","meta":{"_exactmetrics_skip_tracking":false,"_exactmetrics_sitenote_active":false,"_exactmetrics_sitenote_note":"","_exactmetrics_sitenote_category":0,"footnotes":""},"categories":[2],"tags":[],"_wp_page_template":null,"_wp_attached_file":null,"_wp_attachment_metadata":null,"_wp_attachment_is_custom_background":null,"_wp_attachment_context":null,"_yoast_wpseo_primary_category":"2","_yoast_wpseo_content_score":"60","_yoast_wpseo_focuskw":"Interdiction surf","_yoast_wpseo_metadesc":"Analyse de l'interdiction des activit\u00e9s nautiques pendant le confinement : avis de la F\u00e9d\u00e9ration, d'un m\u00e9decin et une incompr\u00e9hension g\u00e9n\u00e9rale","_yoast_wpseo_linkdex":"51","_thumbnail_id":"89","_wp_attachment_backup_sizes":null,"_menu_item_type":null,"_menu_item_menu_item_parent":null,"_menu_item_object_id":null,"_menu_item_object":null,"_menu_item_target":null,"_menu_item_classes":null,"_menu_item_xfn":null,"_menu_item_url":null,"_wp_old_slug":null,"_wp_attachment_custom_header_last_used_hestia":null,"_wp_attachment_is_custom_header":null,"_oembed_216d20918b0c8b4f66a0fd3829d16298":null,"_oembed_53e7e9845341665f1a334d90d6bbfbf7":null,"_oembed_4fb14b0c999c3075fefc976c53028e11":null,"_oembed_2b3240c81f250e84310b646dca78d5c5":null,"_yoast_wpseo_title":null,"_wp_old_date":null,"_pll_strings_translations":null,"_yoast_wpseo_estimated-reading-time-minutes":"5","_wp_attachment_image_alt":null,"_yoast_wpseo_canonical":null,"_yoast_wpseo_wordproof_timestamp":null,"_pingme":null,"_encloseme":null,"_edit_lock":"1620216841:1","_edit_last":"1","yoast_head":"<!-- This site is optimized with the Yoast SEO plugin v22.3 - https:\/\/yoast.com\/wordpress\/plugins\/seo\/ -->\n<title>Interdiction de la pratique des activit\u00e9s nautiques : ce que l&#039;on sait pour ce 2\u00e8me confinement - Surfboard Factory Blog<\/title>\n<meta name=\"description\" content=\"Analyse de l&#039;interdiction des activit\u00e9s nautiques pendant le confinement : avis de la F\u00e9d\u00e9ration, d&#039;un m\u00e9decin et une incompr\u00e9hension g\u00e9n\u00e9rale\" \/>\n<meta name=\"robots\" content=\"index, follow, max-snippet:-1, max-image-preview:large, max-video-preview:-1\" \/>\n<link rel=\"canonical\" href=\"https:\/\/blog.surfboard-factory.com\/en\/interdiction-de-la-pratique-des-activites-nautiques-ce-que-lon-sait-pour-ce-2eme-confinement\/\" \/>\n<meta property=\"og:locale\" content=\"en_US\" \/>\n<meta property=\"og:type\" content=\"article\" \/>\n<meta property=\"og:title\" content=\"Interdiction de la pratique des activit\u00e9s nautiques : ce que l&#039;on sait pour ce 2\u00e8me confinement - Surfboard Factory Blog\" \/>\n<meta property=\"og:description\" content=\"Analyse de l&#039;interdiction des activit\u00e9s nautiques pendant le confinement : avis de la F\u00e9d\u00e9ration, d&#039;un m\u00e9decin et une incompr\u00e9hension g\u00e9n\u00e9rale\" \/>\n<meta property=\"og:url\" content=\"https:\/\/blog.surfboard-factory.com\/en\/interdiction-de-la-pratique-des-activites-nautiques-ce-que-lon-sait-pour-ce-2eme-confinement\/\" \/>\n<meta property=\"og:site_name\" content=\"Surfboard Factory Blog\" \/>\n<meta property=\"article:published_time\" content=\"2020-11-06T16:13:52+00:00\" \/>\n<meta property=\"article:modified_time\" content=\"2021-05-05T12:14:01+00:00\" \/>\n<meta property=\"og:image\" content=\"https:\/\/blog.surfboard-factory.com\/wp-content\/uploads\/2020\/11\/Capture-d\u2019e\u0301cran-2020-11-06-a\u0300-17.09.47.png\" \/>\n\t<meta property=\"og:image:width\" content=\"564\" \/>\n\t<meta property=\"og:image:height\" content=\"590\" \/>\n\t<meta property=\"og:image:type\" content=\"image\/png\" \/>\n<meta name=\"author\" content=\"Team Surfboard Factory\" \/>\n<meta name=\"twitter:card\" content=\"summary_large_image\" \/>\n<meta name=\"twitter:label1\" content=\"Written by\" \/>\n\t<meta name=\"twitter:data1\" content=\"Team Surfboard Factory\" \/>\n\t<meta name=\"twitter:label2\" content=\"Est. reading time\" \/>\n\t<meta name=\"twitter:data2\" content=\"5 minutes\" \/>\n<script type=\"application\/ld+json\" class=\"yoast-schema-graph\">{\"@context\":\"https:\/\/schema.org\",\"@graph\":[{\"@type\":\"Article\",\"@id\":\"https:\/\/blog.surfboard-factory.com\/interdiction-de-la-pratique-des-activites-nautiques-ce-que-lon-sait-pour-ce-2eme-confinement#article\",\"isPartOf\":{\"@id\":\"https:\/\/blog.surfboard-factory.com\/interdiction-de-la-pratique-des-activites-nautiques-ce-que-lon-sait-pour-ce-2eme-confinement\"},\"author\":{\"name\":\"Team Surfboard Factory\",\"@id\":\"https:\/\/blog.surfboard-factory.com\/#\/schema\/person\/56febbfddf7fbfdbf5e8d4c399d04ea4\"},\"headline\":\"Interdiction de la pratique des activit\u00e9s nautiques : ce que l&rsquo;on sait pour ce 2\u00e8me confinement\",\"datePublished\":\"2020-11-06T16:13:52+00:00\",\"dateModified\":\"2021-05-05T12:14:01+00:00\",\"mainEntityOfPage\":{\"@id\":\"https:\/\/blog.surfboard-factory.com\/interdiction-de-la-pratique-des-activites-nautiques-ce-que-lon-sait-pour-ce-2eme-confinement\"},\"wordCount\":919,\"commentCount\":0,\"publisher\":{\"@id\":\"https:\/\/blog.surfboard-factory.com\/#organization\"},\"image\":{\"@id\":\"https:\/\/blog.surfboard-factory.com\/interdiction-de-la-pratique-des-activites-nautiques-ce-que-lon-sait-pour-ce-2eme-confinement#primaryimage\"},\"thumbnailUrl\":\"https:\/\/blog.surfboard-factory.com\/wp-content\/uploads\/2020\/11\/Capture-d\u2019e\u0301cran-2020-11-06-a\u0300-17.09.47.png\",\"articleSection\":[\"Accessoires Surf\"],\"inLanguage\":\"en-US\",\"potentialAction\":[{\"@type\":\"CommentAction\",\"name\":\"Comment\",\"target\":[\"https:\/\/blog.surfboard-factory.com\/interdiction-de-la-pratique-des-activites-nautiques-ce-que-lon-sait-pour-ce-2eme-confinement#respond\"]}]},{\"@type\":\"WebPage\",\"@id\":\"https:\/\/blog.surfboard-factory.com\/interdiction-de-la-pratique-des-activites-nautiques-ce-que-lon-sait-pour-ce-2eme-confinement\",\"url\":\"https:\/\/blog.surfboard-factory.com\/interdiction-de-la-pratique-des-activites-nautiques-ce-que-lon-sait-pour-ce-2eme-confinement\",\"name\":\"Interdiction de la pratique des activit\u00e9s nautiques : ce que l'on sait pour ce 2\u00e8me confinement - Surfboard Factory Blog\",\"isPartOf\":{\"@id\":\"https:\/\/blog.surfboard-factory.com\/#website\"},\"primaryImageOfPage\":{\"@id\":\"https:\/\/blog.surfboard-factory.com\/interdiction-de-la-pratique-des-activites-nautiques-ce-que-lon-sait-pour-ce-2eme-confinement#primaryimage\"},\"image\":{\"@id\":\"https:\/\/blog.surfboard-factory.com\/interdiction-de-la-pratique-des-activites-nautiques-ce-que-lon-sait-pour-ce-2eme-confinement#primaryimage\"},\"thumbnailUrl\":\"https:\/\/blog.surfboard-factory.com\/wp-content\/uploads\/2020\/11\/Capture-d\u2019e\u0301cran-2020-11-06-a\u0300-17.09.47.png\",\"datePublished\":\"2020-11-06T16:13:52+00:00\",\"dateModified\":\"2021-05-05T12:14:01+00:00\",\"description\":\"Analyse de l'interdiction des activit\u00e9s nautiques pendant le confinement : avis de la F\u00e9d\u00e9ration, d'un m\u00e9decin et une incompr\u00e9hension g\u00e9n\u00e9rale\",\"breadcrumb\":{\"@id\":\"https:\/\/blog.surfboard-factory.com\/interdiction-de-la-pratique-des-activites-nautiques-ce-que-lon-sait-pour-ce-2eme-confinement#breadcrumb\"},\"inLanguage\":\"en-US\",\"potentialAction\":[{\"@type\":\"ReadAction\",\"target\":[\"https:\/\/blog.surfboard-factory.com\/interdiction-de-la-pratique-des-activites-nautiques-ce-que-lon-sait-pour-ce-2eme-confinement\"]}]},{\"@type\":\"ImageObject\",\"inLanguage\":\"en-US\",\"@id\":\"https:\/\/blog.surfboard-factory.com\/interdiction-de-la-pratique-des-activites-nautiques-ce-que-lon-sait-pour-ce-2eme-confinement#primaryimage\",\"url\":\"https:\/\/blog.surfboard-factory.com\/wp-content\/uploads\/2020\/11\/Capture-d\u2019e\u0301cran-2020-11-06-a\u0300-17.09.47.png\",\"contentUrl\":\"https:\/\/blog.surfboard-factory.com\/wp-content\/uploads\/2020\/11\/Capture-d\u2019e\u0301cran-2020-11-06-a\u0300-17.09.47.png\",\"width\":564,\"height\":590},{\"@type\":\"BreadcrumbList\",\"@id\":\"https:\/\/blog.surfboard-factory.com\/interdiction-de-la-pratique-des-activites-nautiques-ce-que-lon-sait-pour-ce-2eme-confinement#breadcrumb\",\"itemListElement\":[{\"@type\":\"ListItem\",\"position\":1,\"name\":\"Accueil\",\"item\":\"https:\/\/blog.surfboard-factory.com\/\"},{\"@type\":\"ListItem\",\"position\":2,\"name\":\"Interdiction de la pratique des activit\u00e9s nautiques : ce que l&rsquo;on sait pour ce 2\u00e8me confinement\"}]},{\"@type\":\"WebSite\",\"@id\":\"https:\/\/blog.surfboard-factory.com\/#website\",\"url\":\"https:\/\/blog.surfboard-factory.com\/\",\"name\":\"Surfboard Factory Blog\",\"description\":\"Le meilleur des produits surf \u00e0 prix usine\",\"publisher\":{\"@id\":\"https:\/\/blog.surfboard-factory.com\/#organization\"},\"potentialAction\":[{\"@type\":\"SearchAction\",\"target\":{\"@type\":\"EntryPoint\",\"urlTemplate\":\"https:\/\/blog.surfboard-factory.com\/?s={search_term_string}\"},\"query-input\":\"required name=search_term_string\"}],\"inLanguage\":\"en-US\"},{\"@type\":\"Organization\",\"@id\":\"https:\/\/blog.surfboard-factory.com\/#organization\",\"name\":\"Surfboard Factory Blog\",\"url\":\"https:\/\/blog.surfboard-factory.com\/\",\"logo\":{\"@type\":\"ImageObject\",\"inLanguage\":\"en-US\",\"@id\":\"https:\/\/blog.surfboard-factory.com\/#\/schema\/logo\/image\/\",\"url\":\"https:\/\/blog.surfboard-factory.com\/wp-content\/uploads\/2019\/06\/SBF-05-Vb2.png\",\"contentUrl\":\"https:\/\/blog.surfboard-factory.com\/wp-content\/uploads\/2019\/06\/SBF-05-Vb2.png\",\"width\":2621,\"height\":591,\"caption\":\"Surfboard Factory Blog\"},\"image\":{\"@id\":\"https:\/\/blog.surfboard-factory.com\/#\/schema\/logo\/image\/\"}},{\"@type\":\"Person\",\"@id\":\"https:\/\/blog.surfboard-factory.com\/#\/schema\/person\/56febbfddf7fbfdbf5e8d4c399d04ea4\",\"name\":\"Team Surfboard Factory\",\"image\":{\"@type\":\"ImageObject\",\"inLanguage\":\"en-US\",\"@id\":\"https:\/\/blog.surfboard-factory.com\/#\/schema\/person\/image\/\",\"url\":\"https:\/\/secure.gravatar.com\/avatar\/2dd0845303ccf964c71c1928248ceea7?s=96&d=mm&r=g\",\"contentUrl\":\"https:\/\/secure.gravatar.com\/avatar\/2dd0845303ccf964c71c1928248ceea7?s=96&d=mm&r=g\",\"caption\":\"Team Surfboard Factory\"},\"url\":\"https:\/\/blog.surfboard-factory.com\/en\/author\/pessaccityvice33\"}]}<\/script>\n<!-- \/ Yoast SEO plugin. -->","yoast_head_json":{"title":"Interdiction de la pratique des activit\u00e9s nautiques : ce que l'on sait pour ce 2\u00e8me confinement - Surfboard Factory Blog","description":"Analyse de l'interdiction des activit\u00e9s nautiques pendant le confinement : avis de la F\u00e9d\u00e9ration, d'un m\u00e9decin et une incompr\u00e9hension g\u00e9n\u00e9rale","robots":{"index":"index","follow":"follow","max-snippet":"max-snippet:-1","max-image-preview":"max-image-preview:large","max-video-preview":"max-video-preview:-1"},"canonical":"https:\/\/blog.surfboard-factory.com\/en\/interdiction-de-la-pratique-des-activites-nautiques-ce-que-lon-sait-pour-ce-2eme-confinement\/","og_locale":"en_US","og_type":"article","og_title":"Interdiction de la pratique des activit\u00e9s nautiques : ce que l'on sait pour ce 2\u00e8me confinement - Surfboard Factory Blog","og_description":"Analyse de l'interdiction des activit\u00e9s nautiques pendant le confinement : avis de la F\u00e9d\u00e9ration, d'un m\u00e9decin et une incompr\u00e9hension g\u00e9n\u00e9rale","og_url":"https:\/\/blog.surfboard-factory.com\/en\/interdiction-de-la-pratique-des-activites-nautiques-ce-que-lon-sait-pour-ce-2eme-confinement\/","og_site_name":"Surfboard Factory Blog","article_published_time":"2020-11-06T16:13:52+00:00","article_modified_time":"2021-05-05T12:14:01+00:00","og_image":[{"width":564,"height":590,"url":"https:\/\/blog.surfboard-factory.com\/wp-content\/uploads\/2020\/11\/Capture-d\u2019e\u0301cran-2020-11-06-a\u0300-17.09.47.png","type":"image\/png"}],"author":"Team Surfboard Factory","twitter_card":"summary_large_image","twitter_misc":{"Written by":"Team Surfboard Factory","Est. reading time":"5 minutes"},"schema":{"@context":"https:\/\/schema.org","@graph":[{"@type":"Article","@id":"https:\/\/blog.surfboard-factory.com\/interdiction-de-la-pratique-des-activites-nautiques-ce-que-lon-sait-pour-ce-2eme-confinement#article","isPartOf":{"@id":"https:\/\/blog.surfboard-factory.com\/interdiction-de-la-pratique-des-activites-nautiques-ce-que-lon-sait-pour-ce-2eme-confinement"},"author":{"name":"Team Surfboard Factory","@id":"https:\/\/blog.surfboard-factory.com\/#\/schema\/person\/56febbfddf7fbfdbf5e8d4c399d04ea4"},"headline":"Interdiction de la pratique des activit\u00e9s nautiques : ce que l&rsquo;on sait pour ce 2\u00e8me confinement","datePublished":"2020-11-06T16:13:52+00:00","dateModified":"2021-05-05T12:14:01+00:00","mainEntityOfPage":{"@id":"https:\/\/blog.surfboard-factory.com\/interdiction-de-la-pratique-des-activites-nautiques-ce-que-lon-sait-pour-ce-2eme-confinement"},"wordCount":919,"commentCount":0,"publisher":{"@id":"https:\/\/blog.surfboard-factory.com\/#organization"},"image":{"@id":"https:\/\/blog.surfboard-factory.com\/interdiction-de-la-pratique-des-activites-nautiques-ce-que-lon-sait-pour-ce-2eme-confinement#primaryimage"},"thumbnailUrl":"https:\/\/blog.surfboard-factory.com\/wp-content\/uploads\/2020\/11\/Capture-d\u2019e\u0301cran-2020-11-06-a\u0300-17.09.47.png","articleSection":["Accessoires Surf"],"inLanguage":"en-US","potentialAction":[{"@type":"CommentAction","name":"Comment","target":["https:\/\/blog.surfboard-factory.com\/interdiction-de-la-pratique-des-activites-nautiques-ce-que-lon-sait-pour-ce-2eme-confinement#respond"]}]},{"@type":"WebPage","@id":"https:\/\/blog.surfboard-factory.com\/interdiction-de-la-pratique-des-activites-nautiques-ce-que-lon-sait-pour-ce-2eme-confinement","url":"https:\/\/blog.surfboard-factory.com\/interdiction-de-la-pratique-des-activites-nautiques-ce-que-lon-sait-pour-ce-2eme-confinement","name":"Interdiction de la pratique des activit\u00e9s nautiques : ce que l'on sait pour ce 2\u00e8me confinement - Surfboard Factory Blog","isPartOf":{"@id":"https:\/\/blog.surfboard-factory.com\/#website"},"primaryImageOfPage":{"@id":"https:\/\/blog.surfboard-factory.com\/interdiction-de-la-pratique-des-activites-nautiques-ce-que-lon-sait-pour-ce-2eme-confinement#primaryimage"},"image":{"@id":"https:\/\/blog.surfboard-factory.com\/interdiction-de-la-pratique-des-activites-nautiques-ce-que-lon-sait-pour-ce-2eme-confinement#primaryimage"},"thumbnailUrl":"https:\/\/blog.surfboard-factory.com\/wp-content\/uploads\/2020\/11\/Capture-d\u2019e\u0301cran-2020-11-06-a\u0300-17.09.47.png","datePublished":"2020-11-06T16:13:52+00:00","dateModified":"2021-05-05T12:14:01+00:00","description":"Analyse de l'interdiction des activit\u00e9s nautiques pendant le confinement : avis de la F\u00e9d\u00e9ration, d'un m\u00e9decin et une incompr\u00e9hension g\u00e9n\u00e9rale","breadcrumb":{"@id":"https:\/\/blog.surfboard-factory.com\/interdiction-de-la-pratique-des-activites-nautiques-ce-que-lon-sait-pour-ce-2eme-confinement#breadcrumb"},"inLanguage":"en-US","potentialAction":[{"@type":"ReadAction","target":["https:\/\/blog.surfboard-factory.com\/interdiction-de-la-pratique-des-activites-nautiques-ce-que-lon-sait-pour-ce-2eme-confinement"]}]},{"@type":"ImageObject","inLanguage":"en-US","@id":"https:\/\/blog.surfboard-factory.com\/interdiction-de-la-pratique-des-activites-nautiques-ce-que-lon-sait-pour-ce-2eme-confinement#primaryimage","url":"https:\/\/blog.surfboard-factory.com\/wp-content\/uploads\/2020\/11\/Capture-d\u2019e\u0301cran-2020-11-06-a\u0300-17.09.47.png","contentUrl":"https:\/\/blog.surfboard-factory.com\/wp-content\/uploads\/2020\/11\/Capture-d\u2019e\u0301cran-2020-11-06-a\u0300-17.09.47.png","width":564,"height":590},{"@type":"BreadcrumbList","@id":"https:\/\/blog.surfboard-factory.com\/interdiction-de-la-pratique-des-activites-nautiques-ce-que-lon-sait-pour-ce-2eme-confinement#breadcrumb","itemListElement":[{"@type":"ListItem","position":1,"name":"Accueil","item":"https:\/\/blog.surfboard-factory.com\/"},{"@type":"ListItem","position":2,"name":"Interdiction de la pratique des activit\u00e9s nautiques : ce que l&rsquo;on sait pour ce 2\u00e8me confinement"}]},{"@type":"WebSite","@id":"https:\/\/blog.surfboard-factory.com\/#website","url":"https:\/\/blog.surfboard-factory.com\/","name":"Surfboard Factory Blog","description":"Le meilleur des produits surf \u00e0 prix usine","publisher":{"@id":"https:\/\/blog.surfboard-factory.com\/#organization"},"potentialAction":[{"@type":"SearchAction","target":{"@type":"EntryPoint","urlTemplate":"https:\/\/blog.surfboard-factory.com\/?s={search_term_string}"},"query-input":"required name=search_term_string"}],"inLanguage":"en-US"},{"@type":"Organization","@id":"https:\/\/blog.surfboard-factory.com\/#organization","name":"Surfboard Factory Blog","url":"https:\/\/blog.surfboard-factory.com\/","logo":{"@type":"ImageObject","inLanguage":"en-US","@id":"https:\/\/blog.surfboard-factory.com\/#\/schema\/logo\/image\/","url":"https:\/\/blog.surfboard-factory.com\/wp-content\/uploads\/2019\/06\/SBF-05-Vb2.png","contentUrl":"https:\/\/blog.surfboard-factory.com\/wp-content\/uploads\/2019\/06\/SBF-05-Vb2.png","width":2621,"height":591,"caption":"Surfboard Factory Blog"},"image":{"@id":"https:\/\/blog.surfboard-factory.com\/#\/schema\/logo\/image\/"}},{"@type":"Person","@id":"https:\/\/blog.surfboard-factory.com\/#\/schema\/person\/56febbfddf7fbfdbf5e8d4c399d04ea4","name":"Team Surfboard Factory","image":{"@type":"ImageObject","inLanguage":"en-US","@id":"https:\/\/blog.surfboard-factory.com\/#\/schema\/person\/image\/","url":"https:\/\/secure.gravatar.com\/avatar\/2dd0845303ccf964c71c1928248ceea7?s=96&d=mm&r=g","contentUrl":"https:\/\/secure.gravatar.com\/avatar\/2dd0845303ccf964c71c1928248ceea7?s=96&d=mm&r=g","caption":"Team Surfboard Factory"},"url":"https:\/\/blog.surfboard-factory.com\/en\/author\/pessaccityvice33"}]}},"_links":{"self":[{"href":"https:\/\/blog.surfboard-factory.com\/en\/wp-json\/wp\/v2\/posts\/83"}],"collection":[{"href":"https:\/\/blog.surfboard-factory.com\/en\/wp-json\/wp\/v2\/posts"}],"about":[{"href":"https:\/\/blog.surfboard-factory.com\/en\/wp-json\/wp\/v2\/types\/post"}],"author":[{"embeddable":true,"href":"https:\/\/blog.surfboard-factory.com\/en\/wp-json\/wp\/v2\/users\/1"}],"replies":[{"embeddable":true,"href":"https:\/\/blog.surfboard-factory.com\/en\/wp-json\/wp\/v2\/comments?post=83"}],"version-history":[{"count":5,"href":"https:\/\/blog.surfboard-factory.com\/en\/wp-json\/wp\/v2\/posts\/83\/revisions"}],"predecessor-version":[{"id":239,"href":"https:\/\/blog.surfboard-factory.com\/en\/wp-json\/wp\/v2\/posts\/83\/revisions\/239"}],"wp:featuredmedia":[{"embeddable":true,"href":"https:\/\/blog.surfboard-factory.com\/en\/wp-json\/wp\/v2\/media\/89"}],"wp:attachment":[{"href":"https:\/\/blog.surfboard-factory.com\/en\/wp-json\/wp\/v2\/media?parent=83"}],"wp:term":[{"taxonomy":"category","embeddable":true,"href":"https:\/\/blog.surfboard-factory.com\/en\/wp-json\/wp\/v2\/categories?post=83"},{"taxonomy":"post_tag","embeddable":true,"href":"https:\/\/blog.surfboard-factory.com\/en\/wp-json\/wp\/v2\/tags?post=83"}],"curies":[{"name":"wp","href":"https:\/\/api.w.org\/{rel}","templated":true}]}}